{"id":1,"date":"2024-05-15T13:06:30","date_gmt":"2024-05-15T11:06:30","guid":{"rendered":"http:\/\/au-gres-des-sentiers.fr\/?p=1"},"modified":"2024-09-21T10:52:11","modified_gmt":"2024-09-21T08:52:11","slug":"charlotte-sattler-accompagnatrice-en-montagne","status":"publish","type":"post","link":"https:\/\/au-gres-des-sentiers.fr\/index.php\/2024\/05\/15\/charlotte-sattler-accompagnatrice-en-montagne\/","title":{"rendered":"Au gr\u00e8s des sentiers"},"content":{"rendered":"\n<p>Venez d\u00e9couvrir les richesses naturelles de l&rsquo;Alsace et du massif des Vosges au cours de randonn\u00e9es et balades comment\u00e9es !<\/p>\n\n\n\n<p>La plupart des sorties sont accessibles en transport en commun, ou avec un transfert en minibus depuis un arr\u00eat.<\/p>\n\n\n\n<p><\/p>\n\n\n\n<p class=\"has-text-align-center\">Retrouvez toutes les informations et suivez-nous sur :<\/p>\n\n\n\n<p class=\"has-text-align-center\">Facebook : Au gr\u00e8s des sentiers<\/p>\n\n\n\n<p class=\"has-text-align-center\">Instagram : augresdessentiers<\/p>\n\n\n\n<p><\/p>\n\n\n\n<p class=\"has-text-align-center\">Inscriptions et renseignements :<\/p>\n\n\n\n<p class=\"has-text-align-center\">07 59 77 16 92<\/p>\n\n\n\n<p class=\"has-text-align-center\">contact@au-gres-des-sentiers.fr<\/p>\n","protected":false},"excerpt":{"rendered":"<p>Venez d\u00e9couvrir les richesses naturelles de l&rsquo;Alsace et du massif des Vosges au cours de randonn\u00e9es et balades comment\u00e9es ! La plupart des sorties sont accessibles en transport en commun, ou avec un transfert en minibus depuis un arr\u00eat. Retrouvez toutes les informations et suivez-nous sur : Facebook : Au gr\u00e8s des sentiers Instagram : [&hellip;]<\/p>\n","protected":false},"author":1,"featured_media":0,"comment_status":"open","ping_status":"open","sticky":false,"template":"","format":"standard","meta":{"footnotes":""},"categories":[1],"tags":[],"class_list":["post-1","post","type-post","status-publish","format-standard","hentry","category-non-classe"],"_links":{"self":[{"href":"https:\/\/au-gres-des-sentiers.fr\/index.php\/wp-json\/wp\/v2\/posts\/1","targetHints":{"allow":["GET"]}}],"collection":[{"href":"https:\/\/au-gres-des-sentiers.fr\/index.php\/wp-json\/wp\/v2\/posts"}],"about":[{"href":"https:\/\/au-gres-des-sentiers.fr\/index.php\/wp-json\/wp\/v2\/types\/post"}],"author":[{"embeddable":true,"href":"https:\/\/au-gres-des-sentiers.fr\/index.php\/wp-json\/wp\/v2\/users\/1"}],"replies":[{"embeddable":true,"href":"https:\/\/au-gres-des-sentiers.fr\/index.php\/wp-json\/wp\/v2\/comments?post=1"}],"version-history":[{"count":3,"href":"https:\/\/au-gres-des-sentiers.fr\/index.php\/wp-json\/wp\/v2\/posts\/1\/revisions"}],"predecessor-version":[{"id":20,"href":"https:\/\/au-gres-des-sentiers.fr\/index.php\/wp-json\/wp\/v2\/posts\/1\/revisions\/20"}],"wp:attachment":[{"href":"https:\/\/au-gres-des-sentiers.fr\/index.php\/wp-json\/wp\/v2\/media?parent=1"}],"wp:term":[{"taxonomy":"category","embeddable":true,"href":"https:\/\/au-gres-des-sentiers.fr\/index.php\/wp-json\/wp\/v2\/categories?post=1"},{"taxonomy":"post_tag","embeddable":true,"href":"https:\/\/au-gres-des-sentiers.fr\/index.php\/wp-json\/wp\/v2\/tags?post=1"}],"curies":[{"name":"wp","href":"https:\/\/api.w.org\/{rel}","templated":true}]}}